{"id":18813,"date":"2026-09-03T08:44:46","date_gmt":"2026-09-03T07:44:46","guid":{"rendered":"https:\/\/www.swissphilanthropy.ch\/?p=18813"},"modified":"2026-09-03T08:44:46","modified_gmt":"2026-09-03T07:44:46","slug":"rueckblick-auf-die-masterclass-in-philanthropie-2026","status":"publish","type":"post","link":"https:\/\/www.swissphilanthropy.ch\/de\/2026\/09\/03\/rueckblick-auf-die-masterclass-in-philanthropie-2026\/","title":{"rendered":"R\u00fcckblick auf die Masterclass in Philanthropie 2026"},"content":{"rendered":"<p><span data-contrast=\"auto\">Die 13. Ausgabe der Master Class in Philanthropie hat vom 19. bis 21. August 2026 im Ch\u00e2teau de Bossey stattgefunden. W\u00e4hrend drei Tagen sind 30 Fachpersonen aus dem Steuer-, Bank- und Rechtswesen, Philanthropinnen und Philanthropen sowie Mitarbeitende von Stiftungen zusammengekommen, um ihr Verst\u00e4ndnis des Schweizer Philanthropie-\u00d6kosystems, seiner j\u00fcngsten Entwicklungen und deren Auswirkungen zu vertiefen.<\/span><span data-ccp-props=\"{&quot;335559738&quot;:240,&quot;335559739&quot;:240}\">\u00a0<\/span><\/p>\n<p><span data-contrast=\"auto\">Diese Weiterbildung wurde von der Swiss Philanthropy Foundation (SPF) in Zusammenarbeit mit dem<\/span> <a href=\"https:\/\/ceps.unibas.ch\/de\/\" target=\"_blank\" rel=\"noopener\">Center for Philanthropy Studies (CEPS)<\/a> der Universit\u00e4t Basel und dem <a href=\"https:\/\/www.unige.ch\/philanthropie\/le-centre\">Centre en philanthropie<\/a> <span class=\"NormalTextRun SCXW177604400 BCX0\">der Universit\u00e4t Genf (GCP) organisiert. In diesem Jahr <\/span><span class=\"NormalTextRun SCXW177604400 BCX0\">hab<\/span><span class=\"NormalTextRun SCXW177604400 BCX0\">en<\/span> <span class=\"NormalTextRun SCXW177604400 BCX0\">neun Referentinnen und Referenten sowie vier Personen mit Praxiserfahrung Einblicke in ihr Fachwissen, ihre Erfahrungen und ihre Perspektiven auf die aktuellen Herausforderungen der Philanthropie<\/span> <span class=\"NormalTextRun SCXW177604400 BCX0\">ge<\/span><span class=\"NormalTextRun SCXW177604400 BCX0\">ge<\/span><span class=\"NormalTextRun SCXW177604400 BCX0\">ben<\/span><span class=\"NormalTextRun SCXW177604400 BCX0\">.<\/span><\/p>\n<p><b><span data-contrast=\"auto\">Auf dem Weg zu einer Professionalisierung der Philanthropie<\/span><\/b><span data-ccp-props=\"{}\">\u00a0<\/span><\/p>\n<p><span data-contrast=\"auto\">Als Spiegelbild der Gesellschaft befindet sich auch die Philanthropie in st\u00e4ndiger Entwicklung. Diese Ver\u00e4nderungen betreffen sowohl Menschen, die Stiftungen gr\u00fcnden und f\u00fchren, als auch Fachpersonen, die Philanthropinnen und Philanthropen bei der Umsetzung ihrer Vorhaben begleiten.<\/span><span data-ccp-props=\"{&quot;335559738&quot;:240,&quot;335559739&quot;:240}\">\u00a0<\/span><\/p>\n<p><span data-contrast=\"auto\">Gleichzeitig w\u00e4chst der Philanthropie-Sektor weiter. Im Jahr 2025 z\u00e4hlte die Schweiz<\/span> <a style=\"font-size: 16px;\" href=\"https:\/\/ceps.unibas.ch\/fileadmin\/user_upload\/ceps\/2_Forschung\/Publikationen\/Stiftungsreport\/Schweizer_Stiftungsreport_2026.pdf\" target=\"_blank\" rel=\"noopener\">13\u2019782 aktive Stiftungen.<\/a><span style=\"font-size: 16px;\">\u00a0<span class=\"NormalTextRun SCXW242117393 BCX0\">Dies <\/span><span class=\"NormalTextRun ContextualSpellingAndGrammarErrorV2Themed SCXW242117393 BCX0\">unterstreicht<\/span><span class=\"NormalTextRun SCXW242117393 BCX0\"> die Bedeutung und Dynamik des philanthropischen \u00d6kosystems in der Schweiz.<\/span><\/span><\/p>\n<p><span class=\"NormalTextRun SCXW58533432 BCX0\">Um diesen Entwicklungen und Trends Rechnung zu tragen, wurde die Master Class 2012 ins Leben gerufen. In diesem Jahr standen unter anderem aktuelle Entwicklungen in der Philanthropie sowie regulatorische und ethische Fragen auf dem Programm. Weitere Themen waren <\/span><span class=\"NormalTextRun SpellingErrorV2Themed SCXW58533432 BCX0\">Governance<\/span><span class=\"NormalTextRun SCXW58533432 BCX0\">, die Auswahl von F\u00f6rderzwecken und verschiedene philanthropische Instrumente, die Zusammenarbeit innerhalb des Sektors sowie nachhaltige Finanzen und Steuerfragen.<\/span><\/p>\n<div id=\"attachment_18801\" style=\"width: 565px\" class=\"wp-caption alignnone\"><img loading=\"lazy\" decoding=\"async\" aria-describedby=\"caption-attachment-18801\" class=\" wp-image-18801\" src=\"https:\/\/www.swissphilanthropy.ch\/wp-content\/uploads\/2026\/08\/7-DSCF8114-1024x683.jpg\" alt=\"\" width=\"555\" height=\"370\" srcset=\"https:\/\/www.swissphilanthropy.ch\/wp-content\/uploads\/2026\/08\/7-DSCF8114-1024x683.jpg 1024w, https:\/\/www.swissphilanthropy.ch\/wp-content\/uploads\/2026\/08\/7-DSCF8114-300x200.jpg 300w, https:\/\/www.swissphilanthropy.ch\/wp-content\/uploads\/2026\/08\/7-DSCF8114-768x512.jpg 768w, https:\/\/www.swissphilanthropy.ch\/wp-content\/uploads\/2026\/08\/7-DSCF8114-1536x1024.jpg 1536w, https:\/\/www.swissphilanthropy.ch\/wp-content\/uploads\/2026\/08\/7-DSCF8114-260x173.jpg 260w, https:\/\/www.swissphilanthropy.ch\/wp-content\/uploads\/2026\/08\/7-DSCF8114.jpg 2048w\" sizes=\"auto, (max-width: 555px) 100vw, 555px\" \/><p id=\"caption-attachment-18801\" class=\"wp-caption-text\"><em>Bericht \u00fcber einen Gruppenworkshop im Rahmen der Masterclass in Philanthropie 2026.<\/em><\/p><\/div>\n<h2>Ein Ort der Begegnung und des Austauschs<\/h2>\n<p><span data-contrast=\"auto\">Die Master Class vermittelt nicht nur Wissen, sondern schafft auch Raum f\u00fcr Begegnung und Dialog. Die Vielfalt der Teilnehmenden spiegelt die Breite des philanthropischen \u00d6kosystems wider und erm\u00f6glicht den Austausch zwischen Menschen mit unterschiedlichen, sich erg\u00e4nzenden Erfahrungen und Fachkenntnissen.<\/span><span data-ccp-props=\"{&quot;335559738&quot;:240,&quot;335559739&quot;:240}\">\u00a0<\/span><\/p>\n<p><span data-contrast=\"auto\">Auch Erfahrungsberichte von Philanthropinnen und Philanthropen sowie Fachpersonen aus der Praxis nehmen einen wichtigen Platz ein. Informelle Gelegenheiten zum Austausch und Networking runden das Programm ab.<\/span><span data-ccp-props=\"{&quot;335559738&quot;:240,&quot;335559739&quot;:240}\">\u00a0<\/span><\/p>\n<p><span data-contrast=\"auto\">\u00abDie Vielfalt der hier versammelten Profile ist ein sch\u00f6nes Beispiel f\u00fcr die Verbindungen zwischen den Menschen, die die Philanthropie mit Leben f\u00fcllen. Sie geh\u00f6rt zu den grossen St\u00e4rken der Master Class. Indem sie den Austausch und den Dialog zwischen verschiedenen Akteuren f\u00f6rdert, tr\u00e4gt die Weiterbildung dazu bei, unser \u00d6kosystem zu st\u00e4rken. Gleichzeitig macht sie die Vielfalt und den Reichtum des philanthropischen Engagements sichtbar.\u00bb<\/span><span data-ccp-props=\"{&quot;335559738&quot;:240,&quot;335559739&quot;:240}\">\u00a0<\/span><\/p>\n<p><span data-contrast=\"auto\">Mit diesen Worten er\u00f6ffnete Alexandra Bilak, Direktorin der Swiss Philanthropy Foundation, die diesj\u00e4hrige Ausgabe.<\/span><span data-ccp-props=\"{&quot;335559738&quot;:240,&quot;335559739&quot;:240}\">\u00a0<\/span><\/p>\n<h2><span data-ccp-props=\"{&quot;134233117&quot;:false,&quot;134233118&quot;:false,&quot;201341983&quot;:0,&quot;335551550&quot;:1,&quot;335551620&quot;:1,&quot;335559685&quot;:0,&quot;335559737&quot;:0,&quot;335559738&quot;:0,&quot;335559739&quot;:160,&quot;335559740&quot;:279}\">Eine gemeinn\u00fctzige Gemeinschaft zum Leben erwecken <\/span><\/h2>\n<p><span data-contrast=\"auto\">Die Master Class endet nicht nach drei Tagen. Sie ist Teil eines Alumni-Netzwerks mit inzwischen mehr als 300 Mitgliedern. Auch die diesj\u00e4hrige Kohorte hatte beim gemeinsamen Ap\u00e9ro Gelegenheit, ehemalige Teilnehmende kennenzulernen und sich mit ihnen auszutauschen.<\/span><span data-ccp-props=\"{&quot;335559738&quot;:240,&quot;335559739&quot;:240}\">\u00a0<\/span><\/p>\n<p><span data-contrast=\"auto\">Dar\u00fcber hinaus haben die Alumni die M\u00f6glichkeit, an speziellen Veranstaltungen der SPF teilzunehmen und den Kontakt zu ihren ehemaligen Mitstudierenden und anderen Mitgliedern des Netzwerks zu pflegen.\u00a0<\/span><span data-ccp-props=\"{&quot;335559738&quot;:240,&quot;335559739&quot;:240}\">\u00a0<\/span><\/p>\n<div id=\"attachment_18807\" style=\"width: 573px\" class=\"wp-caption alignnone\"><img loading=\"lazy\" decoding=\"async\" aria-describedby=\"caption-attachment-18807\" class=\" wp-image-18807\" src=\"https:\/\/www.swissphilanthropy.ch\/wp-content\/uploads\/2026\/08\/26607F1-1024x683.jpg\" alt=\"Ap\u00e9ritif master class en philanthropie\" width=\"563\" height=\"375\" srcset=\"https:\/\/www.swissphilanthropy.ch\/wp-content\/uploads\/2026\/08\/26607F1-1024x683.jpg 1024w, https:\/\/www.swissphilanthropy.ch\/wp-content\/uploads\/2026\/08\/26607F1-300x200.jpg 300w, https:\/\/www.swissphilanthropy.ch\/wp-content\/uploads\/2026\/08\/26607F1-768x512.jpg 768w, https:\/\/www.swissphilanthropy.ch\/wp-content\/uploads\/2026\/08\/26607F1-1536x1024.jpg 1536w, https:\/\/www.swissphilanthropy.ch\/wp-content\/uploads\/2026\/08\/26607F1-2048x1365.jpg 2048w, https:\/\/www.swissphilanthropy.ch\/wp-content\/uploads\/2026\/08\/26607F1-260x173.jpg 260w\" sizes=\"auto, (max-width: 563px) 100vw, 563px\" \/><p id=\"caption-attachment-18807\" class=\"wp-caption-text\"><em>Ap\u00e9ro mit den Absolventen der Masterclass in Philanthropie.<\/em><\/p><\/div>\n<p><span data-contrast=\"auto\">Die Master Class beschr\u00e4nkt sich somit nicht auf drei Weiterbildungstage. Sie schafft langfristige Verbindungen zwischen Menschen, die die Philanthropie in der Schweiz mitgestalten, und f\u00f6rdert den Austausch von Erfahrungen sowie die Zusammenarbeit innerhalb des Sektors.<\/span><span data-ccp-props=\"{&quot;335559738&quot;:240,&quot;335559739&quot;:240}\">\u00a0<\/span><\/p>\n<p><span data-contrast=\"auto\">Wir bedanken uns herzlich bei allen Referentinnen und Referenten f\u00fcr ihre wertvollen Beitr\u00e4ge sowie bei den Teilnehmerinnen und Teilnehmern f\u00fcr ihr Engagement, ihre Offenheit und ihre Neugier w\u00e4hrend dieser drei Tage.<\/span><span data-ccp-props=\"{&quot;335559738&quot;:240,&quot;335559739&quot;:240}\">\u00a0<\/span><\/p>\n<p><span data-contrast=\"auto\">Unser herzlicher Dank gilt auch unseren Partnern, das <\/span><b><span data-contrast=\"auto\">Center for Philanthropy Studies (CEPS) der Universit\u00e4t Basel<\/span><\/b><span data-contrast=\"auto\"> und das <\/span><b><span data-contrast=\"auto\">Centre en philanthropie der Universit\u00e4t Genf (GCP)<\/span><\/b><span data-contrast=\"auto\">, mit denen wir diese Weiterbildung seit mehreren Jahren mit Freude organisieren.<\/span><span data-ccp-props=\"{&quot;335559738&quot;:240,&quot;335559739&quot;:240}\">\u00a0<\/span><\/p>\n<p><em>Sie interessieren sich f\u00fcr die Master Class? Dann k\u00f6nnen Sie Ihr Interesse an der n\u00e4chsten Ausgabe \u00fcber dieses Formular (auf Franz\u00f6sisch) anmelden : <a href=\"https:\/\/forms.cloud.microsoft\/e\/XJ1bJfsj11\" target=\"_blank\" rel=\"noopener\">https:\/\/forms.cloud.microsoft\/e\/XJ1bJfsj11<\/a><\/em><\/p>\n","protected":false},"excerpt":{"rendered":"<p>Die 13. Ausgabe der Master Class in Philanthropie hat vom 19. bis 21. August 2026 im Ch\u00e2teau de Bossey stattgefunden. W\u00e4hrend drei Tagen sind 30 Fachpersonen aus dem Steuer-, Bank- und Rechtswesen, Philanthropinnen und Philanthropen sowie Mitarbeitende von Stiftungen zusammengekommen, um ihr Verst\u00e4ndnis des Schweizer Philanthropie-\u00d6kosystems, seiner j\u00fcngsten Entwicklungen und deren Auswirkungen zu vertiefen.\u00a0 Diese [&hellip;]<\/p>\n","protected":false},"author":5,"featured_media":18799,"comment_status":"closed","ping_status":"closed","sticky":false,"template":"","format":"standard","meta":{"footnotes":""},"categories":[21],"tags":[69,70],"class_list":["post-18813","post","type-post","status-publish","format-standard","has-post-thumbnail","hentry","category-news-de","tag-master-class","tag-philanthropie"],"yoast_head":"<!-- This site is optimized with the Yoast SEO Premium plugin v19.6 (Yoast SEO v19.13) - https:\/\/yoast.com\/wordpress\/plugins\/seo\/ -->\n<title>R\u00fcckblick auf die Masterclass in Philanthropie 2026 - Swiss Philanthropy Foundation<\/title>\n<meta name=\"robots\" content=\"index, follow, max-snippet:-1, max-image-preview:large, max-video-preview:-1\" \/>\n<link rel=\"canonical\" href=\"https:\/\/www.swissphilanthropy.ch\/de\/2026\/09\/03\/rueckblick-auf-die-masterclass-in-philanthropie-2026\/\" \/>\n<meta property=\"og:locale\" content=\"de_DE\" \/>\n<meta property=\"og:type\" content=\"article\" \/>\n<meta property=\"og:title\" content=\"R\u00fcckblick auf die Masterclass in Philanthropie 2026\" \/>\n<meta property=\"og:description\" content=\"Die 13. Ausgabe der Master Class in Philanthropie hat vom 19. bis 21. August 2026 im Ch\u00e2teau de Bossey stattgefunden. W\u00e4hrend drei Tagen sind 30 Fachpersonen aus dem Steuer-, Bank- und Rechtswesen, Philanthropinnen und Philanthropen sowie Mitarbeitende von Stiftungen zusammengekommen, um ihr Verst\u00e4ndnis des Schweizer Philanthropie-\u00d6kosystems, seiner j\u00fcngsten Entwicklungen und deren Auswirkungen zu vertiefen.\u00a0 Diese [&hellip;]\" \/>\n<meta property=\"og:url\" content=\"https:\/\/www.swissphilanthropy.ch\/de\/2026\/09\/03\/rueckblick-auf-die-masterclass-in-philanthropie-2026\/\" \/>\n<meta property=\"og:site_name\" content=\"Swiss Philanthropy Foundation\" \/>\n<meta property=\"article:published_time\" content=\"2026-09-03T07:44:46+00:00\" \/>\n<meta property=\"og:image\" content=\"https:\/\/www.swissphilanthropy.ch\/wp-content\/uploads\/2026\/08\/1-DSCF7961.jpg\" \/>\n\t<meta property=\"og:image:width\" content=\"2048\" \/>\n\t<meta property=\"og:image:height\" content=\"1365\" \/>\n\t<meta property=\"og:image:type\" content=\"image\/jpeg\" \/>\n<meta name=\"author\" content=\"swissphilanthropy\" \/>\n<meta name=\"twitter:card\" content=\"summary_large_image\" \/>\n<meta name=\"twitter:creator\" content=\"@swissphilanthropy\" \/>\n<meta name=\"twitter:label1\" content=\"Verfasst von\" \/>\n\t<meta name=\"twitter:data1\" content=\"swissphilanthropy\" \/>\n\t<meta name=\"twitter:label2\" content=\"Gesch\u00e4tzte Lesezeit\" \/>\n\t<meta name=\"twitter:data2\" content=\"4\u00a0Minuten\" \/>\n<script type=\"application\/ld+json\" class=\"yoast-schema-graph\">{\"@context\":\"https:\/\/schema.org\",\"@graph\":[{\"@type\":\"WebPage\",\"@id\":\"https:\/\/www.swissphilanthropy.ch\/de\/2026\/09\/03\/rueckblick-auf-die-masterclass-in-philanthropie-2026\/\",\"url\":\"https:\/\/www.swissphilanthropy.ch\/de\/2026\/09\/03\/rueckblick-auf-die-masterclass-in-philanthropie-2026\/\",\"name\":\"R\u00fcckblick auf die Masterclass in Philanthropie 2026 - Swiss Philanthropy Foundation\",\"isPartOf\":{\"@id\":\"https:\/\/www.swissphilanthropy.ch\/de\/#website\"},\"datePublished\":\"2026-09-03T07:44:46+00:00\",\"dateModified\":\"2026-09-03T07:44:46+00:00\",\"author\":{\"@id\":\"https:\/\/www.swissphilanthropy.ch\/de\/#\/schema\/person\/f404969390c6c83e3534502671c9b4d4\"},\"breadcrumb\":{\"@id\":\"https:\/\/www.swissphilanthropy.ch\/de\/2026\/09\/03\/rueckblick-auf-die-masterclass-in-philanthropie-2026\/#breadcrumb\"},\"inLanguage\":\"de\",\"potentialAction\":[{\"@type\":\"ReadAction\",\"target\":[\"https:\/\/www.swissphilanthropy.ch\/de\/2026\/09\/03\/rueckblick-auf-die-masterclass-in-philanthropie-2026\/\"]}]},{\"@type\":\"BreadcrumbList\",\"@id\":\"https:\/\/www.swissphilanthropy.ch\/de\/2026\/09\/03\/rueckblick-auf-die-masterclass-in-philanthropie-2026\/#breadcrumb\",\"itemListElement\":[{\"@type\":\"ListItem\",\"position\":1,\"name\":\"Accueil\",\"item\":\"https:\/\/www.swissphilanthropy.ch\/de\/\"},{\"@type\":\"ListItem\",\"position\":2,\"name\":\"R\u00fcckblick auf die Masterclass in Philanthropie 2026\"}]},{\"@type\":\"WebSite\",\"@id\":\"https:\/\/www.swissphilanthropy.ch\/de\/#website\",\"url\":\"https:\/\/www.swissphilanthropy.ch\/de\/\",\"name\":\"Swiss Philanthropy Foundation\",\"description\":\"SWISS PHILANTHROPY Foundation\",\"potentialAction\":[{\"@type\":\"SearchAction\",\"target\":{\"@type\":\"EntryPoint\",\"urlTemplate\":\"https:\/\/www.swissphilanthropy.ch\/de\/?s={search_term_string}\"},\"query-input\":\"required name=search_term_string\"}],\"inLanguage\":\"de\"},{\"@type\":\"Person\",\"@id\":\"https:\/\/www.swissphilanthropy.ch\/de\/#\/schema\/person\/f404969390c6c83e3534502671c9b4d4\",\"name\":\"swissphilanthropy\",\"sameAs\":[\"https:\/\/twitter.com\/swissphilanthropy\"]}]}<\/script>\n<!-- \/ Yoast SEO Premium plugin. -->","yoast_head_json":{"title":"R\u00fcckblick auf die Masterclass in Philanthropie 2026 - Swiss Philanthropy Foundation","robots":{"index":"index","follow":"follow","max-snippet":"max-snippet:-1","max-image-preview":"max-image-preview:large","max-video-preview":"max-video-preview:-1"},"canonical":"https:\/\/www.swissphilanthropy.ch\/de\/2026\/09\/03\/rueckblick-auf-die-masterclass-in-philanthropie-2026\/","og_locale":"de_DE","og_type":"article","og_title":"R\u00fcckblick auf die Masterclass in Philanthropie 2026","og_description":"Die 13. Ausgabe der Master Class in Philanthropie hat vom 19. bis 21. August 2026 im Ch\u00e2teau de Bossey stattgefunden. W\u00e4hrend drei Tagen sind 30 Fachpersonen aus dem Steuer-, Bank- und Rechtswesen, Philanthropinnen und Philanthropen sowie Mitarbeitende von Stiftungen zusammengekommen, um ihr Verst\u00e4ndnis des Schweizer Philanthropie-\u00d6kosystems, seiner j\u00fcngsten Entwicklungen und deren Auswirkungen zu vertiefen.\u00a0 Diese [&hellip;]","og_url":"https:\/\/www.swissphilanthropy.ch\/de\/2026\/09\/03\/rueckblick-auf-die-masterclass-in-philanthropie-2026\/","og_site_name":"Swiss Philanthropy Foundation","article_published_time":"2026-09-03T07:44:46+00:00","og_image":[{"width":2048,"height":1365,"url":"https:\/\/www.swissphilanthropy.ch\/wp-content\/uploads\/2026\/08\/1-DSCF7961.jpg","type":"image\/jpeg"}],"author":"swissphilanthropy","twitter_card":"summary_large_image","twitter_creator":"@swissphilanthropy","twitter_misc":{"Verfasst von":"swissphilanthropy","Gesch\u00e4tzte Lesezeit":"4\u00a0Minuten"},"schema":{"@context":"https:\/\/schema.org","@graph":[{"@type":"WebPage","@id":"https:\/\/www.swissphilanthropy.ch\/de\/2026\/09\/03\/rueckblick-auf-die-masterclass-in-philanthropie-2026\/","url":"https:\/\/www.swissphilanthropy.ch\/de\/2026\/09\/03\/rueckblick-auf-die-masterclass-in-philanthropie-2026\/","name":"R\u00fcckblick auf die Masterclass in Philanthropie 2026 - Swiss Philanthropy Foundation","isPartOf":{"@id":"https:\/\/www.swissphilanthropy.ch\/de\/#website"},"datePublished":"2026-09-03T07:44:46+00:00","dateModified":"2026-09-03T07:44:46+00:00","author":{"@id":"https:\/\/www.swissphilanthropy.ch\/de\/#\/schema\/person\/f404969390c6c83e3534502671c9b4d4"},"breadcrumb":{"@id":"https:\/\/www.swissphilanthropy.ch\/de\/2026\/09\/03\/rueckblick-auf-die-masterclass-in-philanthropie-2026\/#breadcrumb"},"inLanguage":"de","potentialAction":[{"@type":"ReadAction","target":["https:\/\/www.swissphilanthropy.ch\/de\/2026\/09\/03\/rueckblick-auf-die-masterclass-in-philanthropie-2026\/"]}]},{"@type":"BreadcrumbList","@id":"https:\/\/www.swissphilanthropy.ch\/de\/2026\/09\/03\/rueckblick-auf-die-masterclass-in-philanthropie-2026\/#breadcrumb","itemListElement":[{"@type":"ListItem","position":1,"name":"Accueil","item":"https:\/\/www.swissphilanthropy.ch\/de\/"},{"@type":"ListItem","position":2,"name":"R\u00fcckblick auf die Masterclass in Philanthropie 2026"}]},{"@type":"WebSite","@id":"https:\/\/www.swissphilanthropy.ch\/de\/#website","url":"https:\/\/www.swissphilanthropy.ch\/de\/","name":"Swiss Philanthropy Foundation","description":"SWISS PHILANTHROPY Foundation","potentialAction":[{"@type":"SearchAction","target":{"@type":"EntryPoint","urlTemplate":"https:\/\/www.swissphilanthropy.ch\/de\/?s={search_term_string}"},"query-input":"required name=search_term_string"}],"inLanguage":"de"},{"@type":"Person","@id":"https:\/\/www.swissphilanthropy.ch\/de\/#\/schema\/person\/f404969390c6c83e3534502671c9b4d4","name":"swissphilanthropy","sameAs":["https:\/\/twitter.com\/swissphilanthropy"]}]}},"_links":{"self":[{"href":"https:\/\/www.swissphilanthropy.ch\/de\/wp-json\/wp\/v2\/posts\/18813","targetHints":{"allow":["GET"]}}],"collection":[{"href":"https:\/\/www.swissphilanthropy.ch\/de\/wp-json\/wp\/v2\/posts"}],"about":[{"href":"https:\/\/www.swissphilanthropy.ch\/de\/wp-json\/wp\/v2\/types\/post"}],"author":[{"embeddable":true,"href":"https:\/\/www.swissphilanthropy.ch\/de\/wp-json\/wp\/v2\/users\/5"}],"replies":[{"embeddable":true,"href":"https:\/\/www.swissphilanthropy.ch\/de\/wp-json\/wp\/v2\/comments?post=18813"}],"version-history":[{"count":4,"href":"https:\/\/www.swissphilanthropy.ch\/de\/wp-json\/wp\/v2\/posts\/18813\/revisions"}],"predecessor-version":[{"id":18833,"href":"https:\/\/www.swissphilanthropy.ch\/de\/wp-json\/wp\/v2\/posts\/18813\/revisions\/18833"}],"wp:featuredmedia":[{"embeddable":true,"href":"https:\/\/www.swissphilanthropy.ch\/de\/wp-json\/wp\/v2\/media\/18799"}],"wp:attachment":[{"href":"https:\/\/www.swissphilanthropy.ch\/de\/wp-json\/wp\/v2\/media?parent=18813"}],"wp:term":[{"taxonomy":"category","embeddable":true,"href":"https:\/\/www.swissphilanthropy.ch\/de\/wp-json\/wp\/v2\/categories?post=18813"},{"taxonomy":"post_tag","embeddable":true,"href":"https:\/\/www.swissphilanthropy.ch\/de\/wp-json\/wp\/v2\/tags?post=18813"}],"curies":[{"name":"wp","href":"https:\/\/api.w.org\/{rel}","templated":true}]}}