{"id":18852,"date":"2026-09-04T08:20:04","date_gmt":"2026-09-04T07:20:04","guid":{"rendered":"https:\/\/www.swissphilanthropy.ch\/2026\/09\/04\/decouvrez-notre-equipe-catherine-armand\/"},"modified":"2026-09-04T09:27:35","modified_gmt":"2026-09-04T08:27:35","slug":"decouvrez-notre-equipe-catherine-armand","status":"publish","type":"post","link":"https:\/\/www.swissphilanthropy.ch\/de\/2026\/09\/04\/decouvrez-notre-equipe-catherine-armand\/","title":{"rendered":"Lernen Sie unser Team kennen &#8211; Catherine Armand"},"content":{"rendered":"<p>Wir bei der Swiss Philanthropy Foundation (SPF) freuen uns, Catherine in unserem Team begr\u00fcssen zu d\u00fcrfen!<\/p>\n<p>Catherine ist im Juni 2026 als Assistentin der Stiftungsdirektorin zur SPF gestossen.<\/p>\n<p>Bevor sie zur SPF kam, arbeitete Catherine mehrere Jahre bei der Stadt Genf als pers\u00f6nliche Mitarbeiterin einer Verwaltungsr\u00e4tin. Davor war sie \u00fcber 20 Jahre lang im Genfer Vereinswesen als Kommunikations- und Fundraising-Beauftragte t\u00e4tig. Sie gr\u00fcndete und leitete mehrere Organisationen, die in den Bereichen Kultur und Umweltschutz aktiv sind.<\/p>\n<p>Da sie zudem seit \u00fcber 10 Jahren als Gemeindevertreterin t\u00e4tig ist, zieht sich wie ein roter Faden durch ihren Werdegang stets ihr Engagement f\u00fcr das Gemeinwohl und die Gemeinschaft.<\/p>\n<p>In ihrer Freizeit wandert sie regelm\u00e4ssig und erkundet die Schweiz zu Fuss.<\/p>\n","protected":false},"excerpt":{"rendered":"<p>Wir bei der Swiss Philanthropy Foundation (SPF) freuen uns, Catherine in unserem Team begr\u00fcssen zu d\u00fcrfen! Catherine ist im Juni 2026 als Assistentin der Stiftungsdirektorin zur SPF gestossen. Bevor sie zur SPF kam, arbeitete Catherine mehrere Jahre bei der Stadt Genf als pers\u00f6nliche Mitarbeiterin einer Verwaltungsr\u00e4tin. Davor war sie \u00fcber 20 Jahre lang im Genfer [&hellip;]<\/p>\n","protected":false},"author":5,"featured_media":18841,"comment_status":"closed","ping_status":"closed","sticky":false,"template":"","format":"standard","meta":{"footnotes":""},"categories":[21],"tags":[],"class_list":["post-18852","post","type-post","status-publish","format-standard","has-post-thumbnail","hentry","category-news-de"],"yoast_head":"<!-- This site is optimized with the Yoast SEO Premium plugin v19.6 (Yoast SEO v19.13) - https:\/\/yoast.com\/wordpress\/plugins\/seo\/ -->\n<title>Lernen Sie unser Team kennen - Catherine Armand - Swiss Philanthropy Foundation<\/title>\n<meta name=\"robots\" content=\"index, follow, max-snippet:-1, max-image-preview:large, max-video-preview:-1\" \/>\n<link rel=\"canonical\" href=\"https:\/\/www.swissphilanthropy.ch\/de\/2026\/09\/04\/decouvrez-notre-equipe-catherine-armand\/\" \/>\n<meta property=\"og:locale\" content=\"de_DE\" \/>\n<meta property=\"og:type\" content=\"article\" \/>\n<meta property=\"og:title\" content=\"Lernen Sie unser Team kennen - Catherine Armand\" \/>\n<meta property=\"og:description\" content=\"Wir bei der Swiss Philanthropy Foundation (SPF) freuen uns, Catherine in unserem Team begr\u00fcssen zu d\u00fcrfen! Catherine ist im Juni 2026 als Assistentin der Stiftungsdirektorin zur SPF gestossen. Bevor sie zur SPF kam, arbeitete Catherine mehrere Jahre bei der Stadt Genf als pers\u00f6nliche Mitarbeiterin einer Verwaltungsr\u00e4tin. Davor war sie \u00fcber 20 Jahre lang im Genfer [&hellip;]\" \/>\n<meta property=\"og:url\" content=\"https:\/\/www.swissphilanthropy.ch\/de\/2026\/09\/04\/decouvrez-notre-equipe-catherine-armand\/\" \/>\n<meta property=\"og:site_name\" content=\"Swiss Philanthropy Foundation\" \/>\n<meta property=\"article:published_time\" content=\"2026-09-04T07:20:04+00:00\" \/>\n<meta property=\"article:modified_time\" content=\"2026-09-04T08:27:35+00:00\" \/>\n<meta property=\"og:image\" content=\"https:\/\/www.swissphilanthropy.ch\/wp-content\/uploads\/2026\/09\/Welcome-team-1240-x-500-px.png\" \/>\n\t<meta property=\"og:image:width\" content=\"1240\" \/>\n\t<meta property=\"og:image:height\" content=\"500\" \/>\n\t<meta property=\"og:image:type\" content=\"image\/png\" \/>\n<meta name=\"author\" content=\"swissphilanthropy\" \/>\n<meta name=\"twitter:card\" content=\"summary_large_image\" \/>\n<meta name=\"twitter:creator\" content=\"@swissphilanthropy\" \/>\n<meta name=\"twitter:label1\" content=\"Verfasst von\" \/>\n\t<meta name=\"twitter:data1\" content=\"swissphilanthropy\" \/>\n\t<meta name=\"twitter:label2\" content=\"Gesch\u00e4tzte Lesezeit\" \/>\n\t<meta name=\"twitter:data2\" content=\"1\u00a0Minute\" \/>\n<script type=\"application\/ld+json\" class=\"yoast-schema-graph\">{\"@context\":\"https:\/\/schema.org\",\"@graph\":[{\"@type\":\"WebPage\",\"@id\":\"https:\/\/www.swissphilanthropy.ch\/de\/2026\/09\/04\/decouvrez-notre-equipe-catherine-armand\/\",\"url\":\"https:\/\/www.swissphilanthropy.ch\/de\/2026\/09\/04\/decouvrez-notre-equipe-catherine-armand\/\",\"name\":\"Lernen Sie unser Team kennen - Catherine Armand - Swiss Philanthropy Foundation\",\"isPartOf\":{\"@id\":\"https:\/\/www.swissphilanthropy.ch\/de\/#website\"},\"datePublished\":\"2026-09-04T07:20:04+00:00\",\"dateModified\":\"2026-09-04T08:27:35+00:00\",\"author\":{\"@id\":\"https:\/\/www.swissphilanthropy.ch\/de\/#\/schema\/person\/f404969390c6c83e3534502671c9b4d4\"},\"breadcrumb\":{\"@id\":\"https:\/\/www.swissphilanthropy.ch\/de\/2026\/09\/04\/decouvrez-notre-equipe-catherine-armand\/#breadcrumb\"},\"inLanguage\":\"de\",\"potentialAction\":[{\"@type\":\"ReadAction\",\"target\":[\"https:\/\/www.swissphilanthropy.ch\/de\/2026\/09\/04\/decouvrez-notre-equipe-catherine-armand\/\"]}]},{\"@type\":\"BreadcrumbList\",\"@id\":\"https:\/\/www.swissphilanthropy.ch\/de\/2026\/09\/04\/decouvrez-notre-equipe-catherine-armand\/#breadcrumb\",\"itemListElement\":[{\"@type\":\"ListItem\",\"position\":1,\"name\":\"Accueil\",\"item\":\"https:\/\/www.swissphilanthropy.ch\/de\/\"},{\"@type\":\"ListItem\",\"position\":2,\"name\":\"Lernen Sie unser Team kennen &#8211; Catherine Armand\"}]},{\"@type\":\"WebSite\",\"@id\":\"https:\/\/www.swissphilanthropy.ch\/de\/#website\",\"url\":\"https:\/\/www.swissphilanthropy.ch\/de\/\",\"name\":\"Swiss Philanthropy Foundation\",\"description\":\"SWISS PHILANTHROPY Foundation\",\"potentialAction\":[{\"@type\":\"SearchAction\",\"target\":{\"@type\":\"EntryPoint\",\"urlTemplate\":\"https:\/\/www.swissphilanthropy.ch\/de\/?s={search_term_string}\"},\"query-input\":\"required name=search_term_string\"}],\"inLanguage\":\"de\"},{\"@type\":\"Person\",\"@id\":\"https:\/\/www.swissphilanthropy.ch\/de\/#\/schema\/person\/f404969390c6c83e3534502671c9b4d4\",\"name\":\"swissphilanthropy\",\"sameAs\":[\"https:\/\/twitter.com\/swissphilanthropy\"]}]}<\/script>\n<!-- \/ Yoast SEO Premium plugin. -->","yoast_head_json":{"title":"Lernen Sie unser Team kennen - Catherine Armand - Swiss Philanthropy Foundation","robots":{"index":"index","follow":"follow","max-snippet":"max-snippet:-1","max-image-preview":"max-image-preview:large","max-video-preview":"max-video-preview:-1"},"canonical":"https:\/\/www.swissphilanthropy.ch\/de\/2026\/09\/04\/decouvrez-notre-equipe-catherine-armand\/","og_locale":"de_DE","og_type":"article","og_title":"Lernen Sie unser Team kennen - Catherine Armand","og_description":"Wir bei der Swiss Philanthropy Foundation (SPF) freuen uns, Catherine in unserem Team begr\u00fcssen zu d\u00fcrfen! Catherine ist im Juni 2026 als Assistentin der Stiftungsdirektorin zur SPF gestossen. Bevor sie zur SPF kam, arbeitete Catherine mehrere Jahre bei der Stadt Genf als pers\u00f6nliche Mitarbeiterin einer Verwaltungsr\u00e4tin. Davor war sie \u00fcber 20 Jahre lang im Genfer [&hellip;]","og_url":"https:\/\/www.swissphilanthropy.ch\/de\/2026\/09\/04\/decouvrez-notre-equipe-catherine-armand\/","og_site_name":"Swiss Philanthropy Foundation","article_published_time":"2026-09-04T07:20:04+00:00","article_modified_time":"2026-09-04T08:27:35+00:00","og_image":[{"width":1240,"height":500,"url":"https:\/\/www.swissphilanthropy.ch\/wp-content\/uploads\/2026\/09\/Welcome-team-1240-x-500-px.png","type":"image\/png"}],"author":"swissphilanthropy","twitter_card":"summary_large_image","twitter_creator":"@swissphilanthropy","twitter_misc":{"Verfasst von":"swissphilanthropy","Gesch\u00e4tzte Lesezeit":"1\u00a0Minute"},"schema":{"@context":"https:\/\/schema.org","@graph":[{"@type":"WebPage","@id":"https:\/\/www.swissphilanthropy.ch\/de\/2026\/09\/04\/decouvrez-notre-equipe-catherine-armand\/","url":"https:\/\/www.swissphilanthropy.ch\/de\/2026\/09\/04\/decouvrez-notre-equipe-catherine-armand\/","name":"Lernen Sie unser Team kennen - Catherine Armand - Swiss Philanthropy Foundation","isPartOf":{"@id":"https:\/\/www.swissphilanthropy.ch\/de\/#website"},"datePublished":"2026-09-04T07:20:04+00:00","dateModified":"2026-09-04T08:27:35+00:00","author":{"@id":"https:\/\/www.swissphilanthropy.ch\/de\/#\/schema\/person\/f404969390c6c83e3534502671c9b4d4"},"breadcrumb":{"@id":"https:\/\/www.swissphilanthropy.ch\/de\/2026\/09\/04\/decouvrez-notre-equipe-catherine-armand\/#breadcrumb"},"inLanguage":"de","potentialAction":[{"@type":"ReadAction","target":["https:\/\/www.swissphilanthropy.ch\/de\/2026\/09\/04\/decouvrez-notre-equipe-catherine-armand\/"]}]},{"@type":"BreadcrumbList","@id":"https:\/\/www.swissphilanthropy.ch\/de\/2026\/09\/04\/decouvrez-notre-equipe-catherine-armand\/#breadcrumb","itemListElement":[{"@type":"ListItem","position":1,"name":"Accueil","item":"https:\/\/www.swissphilanthropy.ch\/de\/"},{"@type":"ListItem","position":2,"name":"Lernen Sie unser Team kennen &#8211; Catherine Armand"}]},{"@type":"WebSite","@id":"https:\/\/www.swissphilanthropy.ch\/de\/#website","url":"https:\/\/www.swissphilanthropy.ch\/de\/","name":"Swiss Philanthropy Foundation","description":"SWISS PHILANTHROPY Foundation","potentialAction":[{"@type":"SearchAction","target":{"@type":"EntryPoint","urlTemplate":"https:\/\/www.swissphilanthropy.ch\/de\/?s={search_term_string}"},"query-input":"required name=search_term_string"}],"inLanguage":"de"},{"@type":"Person","@id":"https:\/\/www.swissphilanthropy.ch\/de\/#\/schema\/person\/f404969390c6c83e3534502671c9b4d4","name":"swissphilanthropy","sameAs":["https:\/\/twitter.com\/swissphilanthropy"]}]}},"_links":{"self":[{"href":"https:\/\/www.swissphilanthropy.ch\/de\/wp-json\/wp\/v2\/posts\/18852","targetHints":{"allow":["GET"]}}],"collection":[{"href":"https:\/\/www.swissphilanthropy.ch\/de\/wp-json\/wp\/v2\/posts"}],"about":[{"href":"https:\/\/www.swissphilanthropy.ch\/de\/wp-json\/wp\/v2\/types\/post"}],"author":[{"embeddable":true,"href":"https:\/\/www.swissphilanthropy.ch\/de\/wp-json\/wp\/v2\/users\/5"}],"replies":[{"embeddable":true,"href":"https:\/\/www.swissphilanthropy.ch\/de\/wp-json\/wp\/v2\/comments?post=18852"}],"version-history":[{"count":1,"href":"https:\/\/www.swissphilanthropy.ch\/de\/wp-json\/wp\/v2\/posts\/18852\/revisions"}],"predecessor-version":[{"id":18855,"href":"https:\/\/www.swissphilanthropy.ch\/de\/wp-json\/wp\/v2\/posts\/18852\/revisions\/18855"}],"wp:featuredmedia":[{"embeddable":true,"href":"https:\/\/www.swissphilanthropy.ch\/de\/wp-json\/wp\/v2\/media\/18841"}],"wp:attachment":[{"href":"https:\/\/www.swissphilanthropy.ch\/de\/wp-json\/wp\/v2\/media?parent=18852"}],"wp:term":[{"taxonomy":"category","embeddable":true,"href":"https:\/\/www.swissphilanthropy.ch\/de\/wp-json\/wp\/v2\/categories?post=18852"},{"taxonomy":"post_tag","embeddable":true,"href":"https:\/\/www.swissphilanthropy.ch\/de\/wp-json\/wp\/v2\/tags?post=18852"}],"curies":[{"name":"wp","href":"https:\/\/api.w.org\/{rel}","templated":true}]}}